{"id":1117,"date":"2016-01-05T17:20:22","date_gmt":"2016-01-05T16:20:22","guid":{"rendered":"http:\/\/www.info01.it\/01-informatica\/?p=1117"},"modified":"2017-01-13T18:06:27","modified_gmt":"2017-01-13T17:06:27","slug":"die-unternehmenspolitik-auf-social-media","status":"publish","type":"post","link":"https:\/\/www.info01.it\/de\/2016\/01\/05\/die-unternehmenspolitik-auf-social-media\/","title":{"rendered":"Die Unternehmenspolitik auf Social Media"},"content":{"rendered":"<p>Social Media kann eine Ablenkung am Arbeitsplatz sein, aber sie sind nicht immer eine schlechte Sache. Hilfe Mitarbeiter nutzen soziale Plattformen zu machen Netzwerk und lernen von anderen Profis k\u00f6nnen sie produktiver und f\u00fchren zu einem Vorteil f\u00fcr das Unternehmen.<br \/>\nOb Facebook, Instagram, Twitter, Linkedin, Snapchat oder Reddit, die Chancen sind gut, dass die Mitarbeiter einen Teil des Werts der Arbeitszeit mindestens eines dieser sozialen Netzwerke ausgeben. Vor der Installation von unternehmensweiten Web-Filtern, um den Zugriff auf das Unternehmen zu verhindern, gibt es jedoch einige Dinge zu ber\u00fccksichtigen Mitarbeiter Gewohnheiten auf Social Media.<br \/>\n&#8220;Social Media ist jetzt besser zug\u00e4nglich als je zuvor und kann von den Arbeitgebern zum Nutzen des Unternehmens genutzt werden&#8221;, sagt Tisha Danehl, Vice President von Ajilon Professional Staffing. &#8220;Wenn ein Unternehmen eine klare Politik hinsichtlich der Nutzung von Social Media am Arbeitsplatz hat und seine Regeln effektiv kommuniziert, sollte es nicht notwendig sein, Sites zu blockieren, weil die Mitarbeiter produktiv bleiben und sich auf ihre Aufgaben konzentrieren&#8221;.<br \/>\nSocial Media k\u00f6nnen sicherlich negative Auswirkungen auf den Job haben. Pew Research, zum Beispiel, befragten \u00fcber 2.000 amerikanische Erwachsene \u00fcber ihre &#8220;sozialen&#8221; Gewohnheiten am Arbeitsplatz und 56 Prozent der Befragten sagten, sie f\u00fchlten sich von sozialen Medien abgelenkt, verglichen mit der Arbeit, die sie durchf\u00fchren sollen. Wenn es jedoch richtig verwaltet wird, k\u00f6nnen soziale Medien am Arbeitsplatz vorteilhaft sein, ohne die t\u00e4glichen Aktivit\u00e4ten zu beeintr\u00e4chtigen und auch das Engagement der Mitarbeiter zu erh\u00f6hen.<br \/>\nEine zunehmend verschwommene Grenze zwischen privatem und beruflichem Leben<br \/>\nNach Danehl, dank Websites wie Facebook die Grenze zwischen pers\u00f6nlichen und gesch\u00e4ftlichen Bereich ausgetrocknet. Eine Studie von Ajilon durchgef\u00fchrt zeigte, dass 51 Prozent der Befragten mit ihrem Chef auf einigen sozialen Plattform verbunden waren, die zu einer Vermischung von Arbeit und pers\u00f6nlichem Leben f\u00fchren kann. Danel betont, dass dies auch zu schwierigen Situationen f\u00fchren kann, zum Beispiel in dem Fall, in dem ein Mitarbeiter von dem, was er zu anderen Kollegen entsendet, gesto\u00dfen wird, sei es bei der Wahl oder einfach einer Meinung, die nicht einverstanden ist.<br \/>\nAjilon Umfrage von 24 Prozent der Befragten sagten, sie h\u00e4tten auf Social Media einen negativen Beitrag \u00fcber die Arbeit, die f\u00fcnf kamen, um \u00fcber seinen Kopf zu beschweren und weitere 5 Prozent sagten, es habe von einem Client beschwert. Danehl betont, dass Situationen wie diese, wo ein Mitarbeiter seine Arbeit Spannungen auf Social Media entlasten, schnell eskalieren und interne Zusammenst\u00f6\u00dfe verursachen k\u00f6nnen.<br \/>\nDeborah Cohn, Associate Professor an der NYIT School of Management, weist darauf hin, dass die Kultur der sozialen Medien kann das Leben schwer f\u00fcr diejenigen, die etwas &#8216;Privatsph\u00e4re bevorzugen. &#8220;Social Media kann f\u00fcr Menschen, die getrennte Privatleben von professionellen pflegen wollen, stressig werden&#8221;, sagt Cohn. &#8220;Diese Arbeiter f\u00fchlen sich unter Druck, Freundschaftsw\u00fcnsche von Kollegen auf Plattformen zu akzeptieren, die es vorziehen, ihr Leben au\u00dferhalb der Arbeit zu behalten.&#8221;<\/p>\n<p>Richtlinien f\u00fcr Social Media<br \/>\nWenn Sie einen Social Media-Verlust an Professionalit\u00e4t vermeiden wollen, m\u00fcssen Sie in Ihren Unternehmensrichtlinien anlegen &#8220;, sagt Danehl. &#8220;Die Politik auf Social Media gilt als Teil Ihrer Unternehmenskultur, das hei\u00dft, sie muss Teil des Ausbildungspersonals sein und sollte nicht als selbstverst\u00e4ndlich betrachtet werden.&#8221; Die Studie von Ajilon hat sich in der Tat, dass 16 Prozent der Befragten nicht bewusst waren, die Position ihres Unternehmens auf Social Media.<br \/>\nHaben Sie eine Leitlinie kann auch &#8220;das Unternehmen vor rechtlichen Fragen zu sch\u00fctzen&#8221;, f\u00fcgt Paul Menes, Co-Leiter der Unterhaltung und digitalen Medien bei ADLI Law Group. Eine gute Politik muss klar skizzieren, was als angemessen, was nicht angemessen ist, was sind die Konsequenzen f\u00fcr nicht respektieren die Unternehmenspolitik auf Social Media. &#8220;Wir m\u00fcssen auch daf\u00fcr sorgen, dass jeder Mitarbeiter das Dokument liest und unterschreibt&#8221;, sagte Menes.<br \/>\nUnd die rechtlichen Aspekte in Bezug auf die Einschr\u00e4nkungen der Nutzung von Social Media am Arbeitsplatz sollten in beiden Richtungen sein: Unternehmen m\u00fcssen sich bewusst sein, was sie legal blockieren k\u00f6nnen. &#8220;Das Unternehmen kann in der Verletzung der lokalen Gesetze entstehen, wenn es den Zugang zu sozialen Medien blockiert, vor allem, wenn es erlaubt oder ermutigt Mitarbeiter, ihre pers\u00f6nlichen Ger\u00e4te f\u00fcr gesch\u00e4ftliche Zwecke zu verwenden&#8221;, sagte Menes.<br \/>\nVerordnungen und Gesetze \u00fcber soziale Medien k\u00f6nnen von Land zu Land variieren, wie von Arthur V. Lambert, von FisherPhillips Partner, in seinem Artikel \u00fcber Gesetz360. Wenn Sie zum Beispiel das soziale Profil eines Kandidaten w\u00e4hrend des Einstellungsprozesses betrachten, k\u00f6nnten Sie der Diskriminierung vorgeworfen werden, aber der Artikel weist darauf hin, dass die richtige Sprache in ihrer Politik hilft, Ihr Unternehmen und Ihre Mitarbeiter zu sch\u00fctzen, falls Probleme auftreten.<\/p>\n<p>Die positive Seite der Social Media<br \/>\nWenn die Kaffeepause als Get-together gef\u00f6rdert wird, k\u00f6nnen Social Media im selben Licht gesehen werden. Pew Research festgestellt, dass 40 Prozent der Mitarbeiter von Unternehmen, in denen es keine Beschr\u00e4nkungen f\u00fcr soziale Medien verwenden sie in den Pausen von Arbeitsmomenten.<br \/>\nDie Studie fand auch heraus, dass Social Media sowohl aus pers\u00f6nlichen Gr\u00fcnden als auch aus gesch\u00e4ftlichen Gr\u00fcnden genutzt werden. Unter denjenigen, die soziale Medien f\u00fcr arbeitsbezogene Zwecke nutzen, sagten 71 Prozent, dass sie die Verwendung von Kollegen in Kontakt mit Kollegen sch\u00e4tzen, die 56 Staaten, die \u00fcber ein Mittel verf\u00fcgen, um mit Experten in ihrem Bereich in Kontakt zu treten, und 46 Prozent nutzen sie, um Informationen zu finden du brauchst. Letztlich glaubten 56 Prozent dieser Gruppe, dass soziale Medien dazu beigetragen haben, ihre Arbeitsleistung zu verbessern, und nur 22 werden als negativ betrachtet.<br \/>\nDie Daten deuten darauf hin, dass, w\u00e4hrend soziale Medien kann jemand zu produzieren sehr produktiv sein, k\u00f6nnen Sie eine Kultur, die ihre Verwendung f\u00fcr berufliche Zwecke ermutigt, wie die Einrichtung von Netzwerken, die Schaffung von Markenbekanntheit und Forschung und den Austausch von innovativen Informationen im Zusammenhang mit ihrem Gebiet.<br \/>\n&#8220;Dar\u00fcber hinaus m\u00fcssen Unternehmen wettbewerbsf\u00e4hig bleiben, um die besten Talente zu gewinnen und zu halten&#8221;, schlie\u00dft Danehl ab. &#8220;Verbieten etwas, das andere Unternehmen nicht nur zulassen, sondern nutzen es zu Ihrem Vorteil, kann es f\u00fcr ihre Mitarbeiter entmutigend sein.&#8221;<br \/>\nNachrichten, die vom Computerword Zeitschrift genommen werden<\/p>\n","protected":false},"excerpt":{"rendered":"<p>Social Media kann eine Ablenkung am Arbeitsplatz sein, aber sie sind nicht immer eine schlechte Sache. [&hellip;]<\/p>\n","protected":false},"author":2,"featured_media":710,"comment_status":"closed","ping_status":"closed","sticky":false,"template":"","format":"standard","meta":{"_monsterinsights_skip_tracking":false,"_monsterinsights_sitenote_active":false,"_monsterinsights_sitenote_note":"","_monsterinsights_sitenote_category":0,"_jetpack_memberships_contains_paid_content":false,"footnotes":"","jetpack_publicize_message":"","jetpack_publicize_feature_enabled":true,"jetpack_social_post_already_shared":false,"jetpack_social_options":{"image_generator_settings":{"template":"highway","default_image_id":0,"font":"","enabled":false},"version":2}},"categories":[84],"tags":[],"class_list":["post-1117","post","type-post","status-publish","format-standard","has-post-thumbnail","hentry","category-nachrichten"],"yoast_head":"<!-- This site is optimized with the Yoast SEO plugin v27.5 - https:\/\/yoast.com\/product\/yoast-seo-wordpress\/ -->\n<title>Die Unternehmenspolitik auf Social Media - 01 Informatica Srl<\/title>\n<meta name=\"robots\" content=\"index, follow, max-snippet:-1, max-image-preview:large, max-video-preview:-1\" \/>\n<link rel=\"canonical\" href=\"https:\/\/www.info01.it\/de\/2016\/01\/05\/die-unternehmenspolitik-auf-social-media\/\" \/>\n<meta property=\"og:locale\" content=\"de_DE\" \/>\n<meta property=\"og:type\" content=\"article\" \/>\n<meta property=\"og:title\" content=\"Die Unternehmenspolitik auf Social Media - 01 Informatica Srl\" \/>\n<meta property=\"og:description\" content=\"Social Media kann eine Ablenkung am Arbeitsplatz sein, aber sie sind nicht immer eine schlechte Sache. [&hellip;]\" \/>\n<meta property=\"og:url\" content=\"https:\/\/www.info01.it\/de\/2016\/01\/05\/die-unternehmenspolitik-auf-social-media\/\" \/>\n<meta property=\"og:site_name\" content=\"01 Informatica Srl\" \/>\n<meta property=\"article:publisher\" content=\"https:\/\/www.facebook.com\/01informaticasrl\" \/>\n<meta property=\"article:published_time\" content=\"2016-01-05T16:20:22+00:00\" \/>\n<meta property=\"article:modified_time\" content=\"2017-01-13T17:06:27+00:00\" \/>\n<meta property=\"og:image\" content=\"https:\/\/www.info01.it\/wp-content\/uploads\/2016\/11\/social-media-plan-networks.png\" \/>\n\t<meta property=\"og:image:width\" content=\"1540\" \/>\n\t<meta property=\"og:image:height\" content=\"680\" \/>\n\t<meta property=\"og:image:type\" content=\"image\/png\" \/>\n<meta name=\"author\" content=\"Amministratore\" \/>\n<meta name=\"twitter:card\" content=\"summary_large_image\" \/>\n<meta name=\"twitter:creator\" content=\"@informatica_01\" \/>\n<meta name=\"twitter:site\" content=\"@informatica_01\" \/>\n<meta name=\"twitter:label1\" content=\"Verfasst von\" \/>\n\t<meta name=\"twitter:data1\" content=\"Amministratore\" \/>\n\t<meta name=\"twitter:label2\" content=\"Gesch\u00e4tzte Lesezeit\" \/>\n\t<meta name=\"twitter:data2\" content=\"5\u00a0Minuten\" \/>\n<!-- \/ Yoast SEO plugin. -->","yoast_head_json":{"title":"Die Unternehmenspolitik auf Social Media - 01 Informatica Srl","robots":{"index":"index","follow":"follow","max-snippet":"max-snippet:-1","max-image-preview":"max-image-preview:large","max-video-preview":"max-video-preview:-1"},"canonical":"https:\/\/www.info01.it\/de\/2016\/01\/05\/die-unternehmenspolitik-auf-social-media\/","og_locale":"de_DE","og_type":"article","og_title":"Die Unternehmenspolitik auf Social Media - 01 Informatica Srl","og_description":"Social Media kann eine Ablenkung am Arbeitsplatz sein, aber sie sind nicht immer eine schlechte Sache. [&hellip;]","og_url":"https:\/\/www.info01.it\/de\/2016\/01\/05\/die-unternehmenspolitik-auf-social-media\/","og_site_name":"01 Informatica Srl","article_publisher":"https:\/\/www.facebook.com\/01informaticasrl","article_published_time":"2016-01-05T16:20:22+00:00","article_modified_time":"2017-01-13T17:06:27+00:00","og_image":[{"width":1540,"height":680,"url":"https:\/\/www.info01.it\/wp-content\/uploads\/2016\/11\/social-media-plan-networks.png","type":"image\/png"}],"author":"Amministratore","twitter_card":"summary_large_image","twitter_creator":"@informatica_01","twitter_site":"@informatica_01","twitter_misc":{"Verfasst von":"Amministratore","Gesch\u00e4tzte Lesezeit":"5\u00a0Minuten"},"schema":{"@context":"https:\/\/schema.org","@graph":[{"@type":"Article","@id":"https:\/\/www.info01.it\/de\/2016\/01\/05\/die-unternehmenspolitik-auf-social-media\/#article","isPartOf":{"@id":"https:\/\/www.info01.it\/de\/2016\/01\/05\/die-unternehmenspolitik-auf-social-media\/"},"author":{"name":"Amministratore","@id":"https:\/\/www.info01.it\/#\/schema\/person\/876106985e69d9f99311915d699df975"},"headline":"Die Unternehmenspolitik auf Social Media","datePublished":"2016-01-05T16:20:22+00:00","dateModified":"2017-01-13T17:06:27+00:00","mainEntityOfPage":{"@id":"https:\/\/www.info01.it\/de\/2016\/01\/05\/die-unternehmenspolitik-auf-social-media\/"},"wordCount":1029,"publisher":{"@id":"https:\/\/www.info01.it\/#organization"},"image":{"@id":"https:\/\/www.info01.it\/de\/2016\/01\/05\/die-unternehmenspolitik-auf-social-media\/#primaryimage"},"thumbnailUrl":"https:\/\/www.info01.it\/wp-content\/uploads\/2016\/11\/social-media-plan-networks.png","articleSection":["Nachrichten"],"inLanguage":"de"},{"@type":"WebPage","@id":"https:\/\/www.info01.it\/de\/2016\/01\/05\/die-unternehmenspolitik-auf-social-media\/","url":"https:\/\/www.info01.it\/de\/2016\/01\/05\/die-unternehmenspolitik-auf-social-media\/","name":"Die Unternehmenspolitik auf Social Media - 01 Informatica Srl","isPartOf":{"@id":"https:\/\/www.info01.it\/#website"},"primaryImageOfPage":{"@id":"https:\/\/www.info01.it\/de\/2016\/01\/05\/die-unternehmenspolitik-auf-social-media\/#primaryimage"},"image":{"@id":"https:\/\/www.info01.it\/de\/2016\/01\/05\/die-unternehmenspolitik-auf-social-media\/#primaryimage"},"thumbnailUrl":"https:\/\/www.info01.it\/wp-content\/uploads\/2016\/11\/social-media-plan-networks.png","datePublished":"2016-01-05T16:20:22+00:00","dateModified":"2017-01-13T17:06:27+00:00","breadcrumb":{"@id":"https:\/\/www.info01.it\/de\/2016\/01\/05\/die-unternehmenspolitik-auf-social-media\/#breadcrumb"},"inLanguage":"de","potentialAction":[{"@type":"ReadAction","target":["https:\/\/www.info01.it\/de\/2016\/01\/05\/die-unternehmenspolitik-auf-social-media\/"]}]},{"@type":"ImageObject","inLanguage":"de","@id":"https:\/\/www.info01.it\/de\/2016\/01\/05\/die-unternehmenspolitik-auf-social-media\/#primaryimage","url":"https:\/\/www.info01.it\/wp-content\/uploads\/2016\/11\/social-media-plan-networks.png","contentUrl":"https:\/\/www.info01.it\/wp-content\/uploads\/2016\/11\/social-media-plan-networks.png","width":1540,"height":680},{"@type":"BreadcrumbList","@id":"https:\/\/www.info01.it\/de\/2016\/01\/05\/die-unternehmenspolitik-auf-social-media\/#breadcrumb","itemListElement":[{"@type":"ListItem","position":1,"name":"Home","item":"https:\/\/www.info01.it\/de\/"},{"@type":"ListItem","position":2,"name":"Die Unternehmenspolitik auf Social Media"}]},{"@type":"WebSite","@id":"https:\/\/www.info01.it\/#website","url":"https:\/\/www.info01.it\/","name":"01 Informatica Srl","description":"Sono oltre 30 anni che portiamo, nelle aziende, innovazione e tecnologia., offrendo la nostra consulenza per aiutarle ad essere dinamiche e flessibili.","publisher":{"@id":"https:\/\/www.info01.it\/#organization"},"potentialAction":[{"@type":"SearchAction","target":{"@type":"EntryPoint","urlTemplate":"https:\/\/www.info01.it\/?s={search_term_string}"},"query-input":{"@type":"PropertyValueSpecification","valueRequired":true,"valueName":"search_term_string"}}],"inLanguage":"de"},{"@type":"Organization","@id":"https:\/\/www.info01.it\/#organization","name":"01 Informatica S.r.l.","url":"https:\/\/www.info01.it\/","logo":{"@type":"ImageObject","inLanguage":"de","@id":"https:\/\/www.info01.it\/#\/schema\/logo\/image\/","url":"https:\/\/www.info01.it\/wp-content\/uploads\/2018\/12\/01.png","contentUrl":"https:\/\/www.info01.it\/wp-content\/uploads\/2018\/12\/01.png","width":373,"height":72,"caption":"01 Informatica S.r.l."},"image":{"@id":"https:\/\/www.info01.it\/#\/schema\/logo\/image\/"},"sameAs":["https:\/\/www.facebook.com\/01informaticasrl","https:\/\/x.com\/informatica_01","https:\/\/www.linkedin.com\/company\/01-informatica-srl"]},{"@type":"Person","@id":"https:\/\/www.info01.it\/#\/schema\/person\/876106985e69d9f99311915d699df975","name":"Amministratore","image":{"@type":"ImageObject","inLanguage":"de","@id":"https:\/\/secure.gravatar.com\/avatar\/0b3de93743144d6fc830b919ea005838429268e5d7842ecb33a6e3ea943ae72c?s=96&d=mm&r=g","url":"https:\/\/secure.gravatar.com\/avatar\/0b3de93743144d6fc830b919ea005838429268e5d7842ecb33a6e3ea943ae72c?s=96&d=mm&r=g","contentUrl":"https:\/\/secure.gravatar.com\/avatar\/0b3de93743144d6fc830b919ea005838429268e5d7842ecb33a6e3ea943ae72c?s=96&d=mm&r=g","caption":"Amministratore"}}]}},"jetpack_publicize_connections":[],"jetpack_featured_media_url":"https:\/\/www.info01.it\/wp-content\/uploads\/2016\/11\/social-media-plan-networks.png","jetpack_shortlink":"https:\/\/wp.me\/p8LhI6-i1","jetpack_sharing_enabled":true,"jetpack_likes_enabled":true,"_links":{"self":[{"href":"https:\/\/www.info01.it\/de\/wp-json\/wp\/v2\/posts\/1117","targetHints":{"allow":["GET"]}}],"collection":[{"href":"https:\/\/www.info01.it\/de\/wp-json\/wp\/v2\/posts"}],"about":[{"href":"https:\/\/www.info01.it\/de\/wp-json\/wp\/v2\/types\/post"}],"author":[{"embeddable":true,"href":"https:\/\/www.info01.it\/de\/wp-json\/wp\/v2\/users\/2"}],"replies":[{"embeddable":true,"href":"https:\/\/www.info01.it\/de\/wp-json\/wp\/v2\/comments?post=1117"}],"version-history":[{"count":0,"href":"https:\/\/www.info01.it\/de\/wp-json\/wp\/v2\/posts\/1117\/revisions"}],"wp:featuredmedia":[{"embeddable":true,"href":"https:\/\/www.info01.it\/de\/wp-json\/wp\/v2\/media\/710"}],"wp:attachment":[{"href":"https:\/\/www.info01.it\/de\/wp-json\/wp\/v2\/media?parent=1117"}],"wp:term":[{"taxonomy":"category","embeddable":true,"href":"https:\/\/www.info01.it\/de\/wp-json\/wp\/v2\/categories?post=1117"},{"taxonomy":"post_tag","embeddable":true,"href":"https:\/\/www.info01.it\/de\/wp-json\/wp\/v2\/tags?post=1117"}],"curies":[{"name":"wp","href":"https:\/\/api.w.org\/{rel}","templated":true}]}}